{"id":6795,"date":"2021-08-16T08:34:13","date_gmt":"2021-08-16T06:34:13","guid":{"rendered":"https:\/\/stolavsleden.com\/josefin-oppnar-bed-and-breakfast-i-syster-ruths-gamla-skoterskemottagning\/"},"modified":"2021-08-16T08:34:15","modified_gmt":"2021-08-16T06:34:15","slug":"josefin-oppnar-bed-and-breakfast-i-syster-ruths-gamla-skoterskemottagning","status":"publish","type":"post","link":"https:\/\/stolavsleden.com\/sv\/josefin-oppnar-bed-and-breakfast-i-syster-ruths-gamla-skoterskemottagning\/","title":{"rendered":"Josefin \u00f6ppnar Bed and Breakfast i Syster Ruths gamla sk\u00f6terskemottagning"},"content":{"rendered":"\n<p>Josefin Hallbeck och hennes familj bodde i J\u00e4mtland f\u00f6r 18 \u00e5r sedan men under sm\u00e5barns\u00e5ren flyttade de tillbaka till Sk\u00e5ne f\u00f6r att vara n\u00e4ra barnens mor- och farf\u00f6r\u00e4ldrar.&#13;\n&#13;\nI takt med att barnen blev \u00e4ldre v\u00e4cktes tanken p\u00e5 att n\u00e5gon g\u00e5ng flytta tillbaka och n\u00e4r ena dottern kom in p\u00e5 universitetsstudier i \u00d6stersund och Josefins tidigare tj\u00e4nst som kantor i N\u00e4skott \u00e5ter var ledig, fanns det inget att tveka p\u00e5 l\u00e4ngre.&#13;\n&#13;\n\u2013 Jag tror att man f\u00e5r ledning, att en h\u00f6gre makt visar vart man ska, s\u00e4ger Josefin p\u00e5 sin mjuka sk\u00e5nska.&#13;\n&#13;\nInte l\u00e5ngt efter att de beslutat sig f\u00f6r att flytta hittade de \u00e4ven huset som skulle bli deras nya hem.&#13;\n&#13;\n\u2013 Vi hade t\u00e4nkt att hyra till en b\u00f6rjan men det var s\u00e5 mycket med det h\u00e4r huset som k\u00e4ndes som hemma, ber\u00e4ttar hon.&#13;\n&#13;\nAnledningen till flytten var l\u00e4ngtan efter att g\u00f6ra n\u00e5got nytt och s\u00e4nka tempot. F\u00f6r Josefin som precis fyllt 50, lockade pilgrimsvandring, l\u00e4sning och en lugnare tillvaro, men \u00e4ven f\u00f6r \u00f6vriga i familjen och barnen som nu hunnit bli stora k\u00e4ndes en flytt till J\u00e4mtland som en bra id\u00e9.&#13;\n&#8211; Alla ville med. Det var en konstig men h\u00e4rlig k\u00e4nsla, s\u00e4ger Josefin.<\/p>\n\n<p>Vid huset i Alsen finns \u00e4ven en byggnad som tidigare tj\u00e4nat som V\u00e5rdcentral. D\u00e4r hade en distriktsk\u00f6terska vid namn Ruth verksamhet under 80-talet och huset kallas fortfarande Syster Ruths hus i folkmun. F\u00f6r Josefin tog det inte l\u00e5ng tid innan id\u00e9n att omvandla huset till ett boende f\u00f6r l\u00e5ngv\u00e4ga v\u00e4nner och andra bes\u00f6kare l\u00e4ngs pilgrimsleden blev verklighet.&#13;\n&#13;\nI huset f\u00f6r mottagningen, som st\u00e5tt or\u00f6rd, fanns fortfarande en brits och en del av den gamla utrustningen kvar n\u00e4r de b\u00f6rjade renovera. Nu \u00e4r huset t\u00f6mt och v\u00e4ggarna \u00e4r m\u00e5lade.<\/p>\n\n<p>Totalt rymmer huset fyra b\u00e4ddar f\u00f6rdelade p\u00e5 tv\u00e5 rum samt en toalett. P\u00e5 Syster Ruths hus kommer bes\u00f6karna till en b\u00e4ddad s\u00e4ng och ett litet kylsk\u00e5p med frukostmat. <\/p>\n\n<figure class=\"wp-block-gallery columns-3 is-cropped wp-block-gallery-1 is-layout-flex wp-block-gallery-is-layout-flex\"><ul class=\"blocks-gallery-grid\"><li class=\"blocks-gallery-item\"><figure><img fetchpriority=\"high\" decoding=\"async\" width=\"701\" height=\"1024\" src=\"https:\/\/stolavsleden.com\/wp-content\/uploads\/2021\/08\/Josefin-7-701x1024.jpg\" alt=\"Josefin Hallbeck framf&#xF6;r sitt Bed and Breakfast\" data-id=\"6791\" data-full-url=\"https:\/\/stolavsleden.com\/wp-content\/uploads\/2021\/08\/Josefin-7.jpg\" data-link=\"https:\/\/stolavsleden.com\/?attachment_id=6791\" class=\"wp-image-6791\" srcset=\"https:\/\/stolavsleden.com\/wp-content\/uploads\/2021\/08\/Josefin-7-701x1024.jpg 701w, https:\/\/stolavsleden.com\/wp-content\/uploads\/2021\/08\/Josefin-7-768x1121.jpg 768w, https:\/\/stolavsleden.com\/wp-content\/uploads\/2021\/08\/Josefin-7.jpg 1024w\" sizes=\"(max-width: 701px) 100vw, 701px\" \/><\/figure><\/li><li class=\"blocks-gallery-item\"><figure><img decoding=\"async\" width=\"1024\" height=\"683\" src=\"https:\/\/stolavsleden.com\/wp-content\/uploads\/2021\/08\/Josefin-5-1024x683.jpg\" alt=\"Josefines Bed and Brekfast, interi&#xF6;r\" data-id=\"6787\" data-full-url=\"https:\/\/stolavsleden.com\/wp-content\/uploads\/2021\/08\/Josefin-5.jpg\" data-link=\"https:\/\/stolavsleden.com\/?attachment_id=6787\" class=\"wp-image-6787\" srcset=\"https:\/\/stolavsleden.com\/wp-content\/uploads\/2021\/08\/Josefin-5-1024x683.jpg 1024w, https:\/\/stolavsleden.com\/wp-content\/uploads\/2021\/08\/Josefin-5-768x512.jpg 768w, https:\/\/stolavsleden.com\/wp-content\/uploads\/2021\/08\/Josefin-5-1536x1024.jpg 1536w, https:\/\/stolavsleden.com\/wp-content\/uploads\/2021\/08\/Josefin-5.jpg 1920w\" sizes=\"(max-width: 1024px) 100vw, 1024px\" \/><\/figure><\/li><li class=\"blocks-gallery-item\"><figure><img decoding=\"async\" width=\"1024\" height=\"683\" src=\"https:\/\/stolavsleden.com\/wp-content\/uploads\/2021\/08\/Josefin-4-1024x683.jpg\" alt=\"Josefines Bed and Brekfast, interi&#xF6;r\" data-id=\"6785\" data-full-url=\"https:\/\/stolavsleden.com\/wp-content\/uploads\/2021\/08\/Josefin-4.jpg\" data-link=\"https:\/\/stolavsleden.com\/?attachment_id=6785\" class=\"wp-image-6785\" srcset=\"https:\/\/stolavsleden.com\/wp-content\/uploads\/2021\/08\/Josefin-4-1024x683.jpg 1024w, https:\/\/stolavsleden.com\/wp-content\/uploads\/2021\/08\/Josefin-4-768x512.jpg 768w, https:\/\/stolavsleden.com\/wp-content\/uploads\/2021\/08\/Josefin-4-1536x1024.jpg 1536w, https:\/\/stolavsleden.com\/wp-content\/uploads\/2021\/08\/Josefin-4.jpg 1920w\" sizes=\"(max-width: 1024px) 100vw, 1024px\" \/><\/figure><\/li><li class=\"blocks-gallery-item\"><figure><img loading=\"lazy\" decoding=\"async\" width=\"1024\" height=\"683\" src=\"https:\/\/stolavsleden.com\/wp-content\/uploads\/2021\/08\/Josefin-3-1024x683.jpg\" alt=\"Josefine inne i sitt Bed and Breakfast\" data-id=\"6783\" data-full-url=\"https:\/\/stolavsleden.com\/wp-content\/uploads\/2021\/08\/Josefin-3.jpg\" data-link=\"https:\/\/stolavsleden.com\/?attachment_id=6783\" class=\"wp-image-6783\" srcset=\"https:\/\/stolavsleden.com\/wp-content\/uploads\/2021\/08\/Josefin-3-1024x683.jpg 1024w, https:\/\/stolavsleden.com\/wp-content\/uploads\/2021\/08\/Josefin-3-768x512.jpg 768w, https:\/\/stolavsleden.com\/wp-content\/uploads\/2021\/08\/Josefin-3-1536x1024.jpg 1536w, https:\/\/stolavsleden.com\/wp-content\/uploads\/2021\/08\/Josefin-3.jpg 1920w\" sizes=\"(max-width: 1024px) 100vw, 1024px\" \/><\/figure><\/li><li class=\"blocks-gallery-item\"><figure><img loading=\"lazy\" decoding=\"async\" width=\"1024\" height=\"683\" src=\"https:\/\/stolavsleden.com\/wp-content\/uploads\/2021\/08\/Josefin-2-1024x683.jpg\" alt=\"Josefine i d&#xF6;rr&#xF6;ppningen till sitt Bed and Breakfast\" data-id=\"6781\" data-full-url=\"https:\/\/stolavsleden.com\/wp-content\/uploads\/2021\/08\/Josefin-2.jpg\" data-link=\"https:\/\/stolavsleden.com\/?attachment_id=6781\" class=\"wp-image-6781\" srcset=\"https:\/\/stolavsleden.com\/wp-content\/uploads\/2021\/08\/Josefin-2-1024x683.jpg 1024w, https:\/\/stolavsleden.com\/wp-content\/uploads\/2021\/08\/Josefin-2-768x512.jpg 768w, https:\/\/stolavsleden.com\/wp-content\/uploads\/2021\/08\/Josefin-2-1536x1024.jpg 1536w, https:\/\/stolavsleden.com\/wp-content\/uploads\/2021\/08\/Josefin-2.jpg 1920w\" sizes=\"(max-width: 1024px) 100vw, 1024px\" \/><\/figure><\/li><\/ul><\/figure>\n","protected":false},"excerpt":{"rendered":"<p>Josefin Hallbeck och hennes familj bodde i J\u00e4mtland f\u00f6r 18 \u00e5r sedan men under sm\u00e5barns\u00e5ren flyttade de tillbaka till Sk\u00e5ne f\u00f6r att vara n\u00e4ra barnens mor- och farf\u00f6r\u00e4ldrar.&#13; &#13; I takt med att barnen blev \u00e4ldre v\u00e4cktes tanken p\u00e5 att n\u00e5gon g\u00e5ng flytta tillbaka och n\u00e4r ena dottern kom in p\u00e5 universitetsstudier i \u00d6stersund och [&hellip;]<\/p>\n","protected":false},"author":12,"featured_media":6790,"comment_status":"open","ping_status":"open","sticky":false,"template":"","format":"standard","meta":{"_acf_changed":false,"footnotes":""},"categories":[47],"tags":[],"class_list":["post-6795","post","type-post","status-publish","format-standard","has-post-thumbnail","hentry","category-hiking-sv"],"acf":[],"_links":{"self":[{"href":"https:\/\/stolavsleden.com\/sv\/wp-json\/wp\/v2\/posts\/6795","targetHints":{"allow":["GET"]}}],"collection":[{"href":"https:\/\/stolavsleden.com\/sv\/wp-json\/wp\/v2\/posts"}],"about":[{"href":"https:\/\/stolavsleden.com\/sv\/wp-json\/wp\/v2\/types\/post"}],"author":[{"embeddable":true,"href":"https:\/\/stolavsleden.com\/sv\/wp-json\/wp\/v2\/users\/12"}],"replies":[{"embeddable":true,"href":"https:\/\/stolavsleden.com\/sv\/wp-json\/wp\/v2\/comments?post=6795"}],"version-history":[{"count":1,"href":"https:\/\/stolavsleden.com\/sv\/wp-json\/wp\/v2\/posts\/6795\/revisions"}],"predecessor-version":[{"id":6796,"href":"https:\/\/stolavsleden.com\/sv\/wp-json\/wp\/v2\/posts\/6795\/revisions\/6796"}],"wp:featuredmedia":[{"embeddable":true,"href":"https:\/\/stolavsleden.com\/sv\/wp-json\/wp\/v2\/media\/6790"}],"wp:attachment":[{"href":"https:\/\/stolavsleden.com\/sv\/wp-json\/wp\/v2\/media?parent=6795"}],"wp:term":[{"taxonomy":"category","embeddable":true,"href":"https:\/\/stolavsleden.com\/sv\/wp-json\/wp\/v2\/categories?post=6795"},{"taxonomy":"post_tag","embeddable":true,"href":"https:\/\/stolavsleden.com\/sv\/wp-json\/wp\/v2\/tags?post=6795"}],"curies":[{"name":"wp","href":"https:\/\/api.w.org\/{rel}","templated":true}]}}