{"id":6690,"date":"2021-06-29T20:20:02","date_gmt":"2021-06-29T18:20:02","guid":{"rendered":"https:\/\/stolavsleden.com\/anita-moter-sommaren-langs-stolavsleden\/"},"modified":"2021-07-07T13:24:08","modified_gmt":"2021-07-07T11:24:08","slug":"anita-moter-sommaren-langs-stolavsleden","status":"publish","type":"post","link":"https:\/\/stolavsleden.com\/sv\/anita-moter-sommaren-langs-stolavsleden\/","title":{"rendered":"Anita m\u00f6ter sommaren l\u00e4ngs S:t Olavsleden"},"content":{"rendered":"\n<p>De sprakande h\u00f6stf\u00e4rgerna gav Anita Andersson mersmak n\u00e4r hon vandrade delar av S:t Olavsleden under h\u00f6sten 2020. <\/p>\n\n<p>D\u00e4r och d\u00e5 best\u00e4mde hon sig f\u00f6r att \u00e5terv\u00e4nda. Nu har Anita avslutat elva dagar l\u00e4ngs leden och i och med det sett hela svenska sidan av S:t Olavsleden, vissa str\u00e4ckor i sommarskrud och vissa i h\u00f6stf\u00e4rger.<\/p>\n\n<p>\u2013 Det var flera anledningar som fick mig att vilja komma tillbaka till S:t Olavsleden, ber\u00e4ttar Anita. Dels f\u00f6r att det var s\u00e5 vackert i h\u00f6stas. Men ocks\u00e5 f\u00f6r att jag verkligen ville g\u00e5 hela leden. Pilgrimsvandring \u00e4r en speciell sorts vandring och jag vill g\u00e5 alla str\u00e4ckor f\u00f6r att f\u00e5 ett ordentligt avslut, det \u00e4r en del av charmen. Jag har f\u00f6rhoppningar om att g\u00e5 den norska delen av leden i september.<\/p>\n\n<p>Under sina turer l\u00e4ngs leden har Anita uppt\u00e4ckt vissa saker som skiljer sig mellan de tv\u00e5 \u00e5rstiderna. <\/p>\n\n<p>\u2013 V\u00e4dret var helt klart en stor skillnad. I h\u00f6stas var det fantastiskt fint med klar luft och otroligt vackra f\u00e4rger i naturen. Det \u00e4r v\u00e4ldigt vackert nu med men f\u00f6r varmt f\u00f6r min smak. Dessutom vaknade myggen till liv under min vandring, vilket inte var s\u00e5 uppskattat. <\/p>\n\n<p>F\u00f6r m\u00e5nga pilgrimsvandrare \u00e4r det m\u00f6tet med andra vandrare och m\u00e4nniskor l\u00e4ngs leden som lockar. Men n\u00e5gra vandrare har Anita inte sett skymten av, varken nu eller i h\u00f6stas. <\/p>\n\n<p>\u2013 Jag har haft otur p\u00e5 det s\u00e4ttet och jag \u00f6nskar att jag hade tr\u00e4ffat fler vandrare. Jag tror att m\u00e5nga v\u00e4ljer att g\u00e5 senare under sommaren. D\u00e4remot har jag blivit varmt v\u00e4lkomnad av folk som bor l\u00e4ngs leden och p\u00e5 de st\u00e4llen jag \u00f6vernattat.<\/p>\n\n<p>N\u00e4r Anita packar inf\u00f6r en vandring \u00e4r listan s\u00e5klart l\u00e5ng. Men en sak finns alltid med i ryggs\u00e4cken.&#13;\n\u2013 Te! Jag tar alltid med mig svart te p\u00e5 mina vandringar, det \u00e4r ett m\u00e5ste f\u00f6r en lyckad tur. &#13;\n<\/p>\n\n<p>L\u00e4s mer om Anitas upplevelser l\u00e4ngs S:t Olavsleden p\u00e5 <a href=\"https:\/\/keepwalkingstaycurious.se\/blogg\/\" target=\"_blank\" rel=\"noopener\">hennes blogg.<\/a><\/p>\n\n<figure class=\"wp-block-gallery columns-3 is-cropped wp-block-gallery-1 is-layout-flex wp-block-gallery-is-layout-flex\"><ul class=\"blocks-gallery-grid\"><li class=\"blocks-gallery-item\"><figure><img fetchpriority=\"high\" decoding=\"async\" width=\"768\" height=\"1024\" src=\"https:\/\/stolavsleden.com\/wp-content\/uploads\/2021\/06\/Fonster_utsikt-768x1024.jpg\" alt=\"\" data-id=\"6677\" data-full-url=\"https:\/\/stolavsleden.com\/wp-content\/uploads\/2021\/06\/Fonster_utsikt.jpg\" data-link=\"https:\/\/stolavsleden.com\/?attachment_id=6677\" class=\"wp-image-6677\" srcset=\"https:\/\/stolavsleden.com\/wp-content\/uploads\/2021\/06\/Fonster_utsikt-768x1024.jpg 768w, https:\/\/stolavsleden.com\/wp-content\/uploads\/2021\/06\/Fonster_utsikt.jpg 800w\" sizes=\"(max-width: 768px) 100vw, 768px\" \/><\/figure><\/li><li class=\"blocks-gallery-item\"><figure><img decoding=\"async\" width=\"1024\" height=\"768\" src=\"https:\/\/stolavsleden.com\/wp-content\/uploads\/2021\/06\/Host_vag-1024x768.jpg\" alt=\"\" data-id=\"6679\" data-full-url=\"https:\/\/stolavsleden.com\/wp-content\/uploads\/2021\/06\/Host_vag.jpg\" data-link=\"https:\/\/stolavsleden.com\/?attachment_id=6679\" class=\"wp-image-6679\" srcset=\"https:\/\/stolavsleden.com\/wp-content\/uploads\/2021\/06\/Host_vag-1024x768.jpg 1024w, https:\/\/stolavsleden.com\/wp-content\/uploads\/2021\/06\/Host_vag-768x576.jpg 768w, https:\/\/stolavsleden.com\/wp-content\/uploads\/2021\/06\/Host_vag.jpg 1280w\" sizes=\"(max-width: 1024px) 100vw, 1024px\" \/><\/figure><\/li><li class=\"blocks-gallery-item\"><figure><img decoding=\"async\" width=\"768\" height=\"1024\" src=\"https:\/\/stolavsleden.com\/wp-content\/uploads\/2021\/06\/Sommar_Tannforsen-768x1024.jpg\" alt=\"\" data-id=\"6681\" data-full-url=\"https:\/\/stolavsleden.com\/wp-content\/uploads\/2021\/06\/Sommar_Tannforsen.jpg\" data-link=\"https:\/\/stolavsleden.com\/?attachment_id=6681\" class=\"wp-image-6681\" srcset=\"https:\/\/stolavsleden.com\/wp-content\/uploads\/2021\/06\/Sommar_Tannforsen-768x1024.jpg 768w, https:\/\/stolavsleden.com\/wp-content\/uploads\/2021\/06\/Sommar_Tannforsen.jpg 800w\" sizes=\"(max-width: 768px) 100vw, 768px\" \/><\/figure><\/li><li class=\"blocks-gallery-item\"><figure><img loading=\"lazy\" decoding=\"async\" width=\"1024\" height=\"768\" src=\"https:\/\/stolavsleden.com\/wp-content\/uploads\/2021\/06\/Vattenfall_sommar-1024x768.jpg\" alt=\"vattenfall\" data-id=\"6683\" data-full-url=\"https:\/\/stolavsleden.com\/wp-content\/uploads\/2021\/06\/Vattenfall_sommar.jpg\" data-link=\"https:\/\/stolavsleden.com\/anita-meets-the-summer-along-st-olavsleden-pilgrim-trail\/vattenfall_sommar\/\" class=\"wp-image-6683\" srcset=\"https:\/\/stolavsleden.com\/wp-content\/uploads\/2021\/06\/Vattenfall_sommar-1024x768.jpg 1024w, https:\/\/stolavsleden.com\/wp-content\/uploads\/2021\/06\/Vattenfall_sommar-768x576.jpg 768w, https:\/\/stolavsleden.com\/wp-content\/uploads\/2021\/06\/Vattenfall_sommar.jpg 1280w\" sizes=\"(max-width: 1024px) 100vw, 1024px\" \/><\/figure><\/li><\/ul><\/figure>\n","protected":false},"excerpt":{"rendered":"<p>De sprakande h\u00f6stf\u00e4rgerna gav Anita Andersson mersmak n\u00e4r hon vandrade delar av S:t Olavsleden under h\u00f6sten 2020. D\u00e4r och d\u00e5 best\u00e4mde hon sig f\u00f6r att \u00e5terv\u00e4nda. Nu har Anita avslutat elva dagar l\u00e4ngs leden och i och med det sett hela svenska sidan av S:t Olavsleden, vissa str\u00e4ckor i sommarskrud och vissa i h\u00f6stf\u00e4rger. \u2013 [&hellip;]<\/p>\n","protected":false},"author":12,"featured_media":6676,"comment_status":"open","ping_status":"open","sticky":false,"template":"","format":"standard","meta":{"_acf_changed":false,"footnotes":""},"categories":[47],"tags":[],"class_list":["post-6690","post","type-post","status-publish","format-standard","has-post-thumbnail","hentry","category-hiking-sv"],"acf":[],"_links":{"self":[{"href":"https:\/\/stolavsleden.com\/sv\/wp-json\/wp\/v2\/posts\/6690","targetHints":{"allow":["GET"]}}],"collection":[{"href":"https:\/\/stolavsleden.com\/sv\/wp-json\/wp\/v2\/posts"}],"about":[{"href":"https:\/\/stolavsleden.com\/sv\/wp-json\/wp\/v2\/types\/post"}],"author":[{"embeddable":true,"href":"https:\/\/stolavsleden.com\/sv\/wp-json\/wp\/v2\/users\/12"}],"replies":[{"embeddable":true,"href":"https:\/\/stolavsleden.com\/sv\/wp-json\/wp\/v2\/comments?post=6690"}],"version-history":[{"count":3,"href":"https:\/\/stolavsleden.com\/sv\/wp-json\/wp\/v2\/posts\/6690\/revisions"}],"predecessor-version":[{"id":6746,"href":"https:\/\/stolavsleden.com\/sv\/wp-json\/wp\/v2\/posts\/6690\/revisions\/6746"}],"wp:featuredmedia":[{"embeddable":true,"href":"https:\/\/stolavsleden.com\/sv\/wp-json\/wp\/v2\/media\/6676"}],"wp:attachment":[{"href":"https:\/\/stolavsleden.com\/sv\/wp-json\/wp\/v2\/media?parent=6690"}],"wp:term":[{"taxonomy":"category","embeddable":true,"href":"https:\/\/stolavsleden.com\/sv\/wp-json\/wp\/v2\/categories?post=6690"},{"taxonomy":"post_tag","embeddable":true,"href":"https:\/\/stolavsleden.com\/sv\/wp-json\/wp\/v2\/tags?post=6690"}],"curies":[{"name":"wp","href":"https:\/\/api.w.org\/{rel}","templated":true}]}}