{"id":6203,"date":"2021-05-07T12:18:50","date_gmt":"2021-05-07T10:18:50","guid":{"rendered":"https:\/\/stolavsleden.com\/motesplatsen-for-inre-och-yttre-valmaende\/"},"modified":"2022-01-31T15:03:14","modified_gmt":"2022-01-31T14:03:14","slug":"motesplatsen-for-inre-och-yttre-valmaende","status":"publish","type":"post","link":"https:\/\/stolavsleden.com\/sv\/motesplatsen-for-inre-och-yttre-valmaende\/","title":{"rendered":"M\u00f6tesplatsen f\u00f6r inre och yttre v\u00e4lm\u00e5ende"},"content":{"rendered":"\n<p>2007 l\u00e4mnade Lisa Andersson Tangen Stockholm och flyttade till J\u00e4mtland. Lisa hade just skolat om till mass\u00f6r och kroppsterapeut och planen var att bo i S\u00e5\u00e5, mellan \u00c5re och Unders\u00e5ker, i ett \u00e5rs tid. Tretton \u00e5r senare \u00e4r hon en v\u00e4letablerad f\u00f6retagare som driver Spirag\u00e5rden \u00c5re. \u2028\u2013 N\u00e4r jag och min nuvarande man skulle flytta ihop s\u00e5g vi att den h\u00e4r g\u00e5rden var till salu. D\u00e5 v\u00e4cktes en gammal dr\u00f6m hos mig, en dr\u00f6m om att driva ett caf\u00e9 och ett center d\u00e4r jag kan ut\u00f6va mina behandlingar. Vi tog steget och k\u00f6pte g\u00e5rden. B\u00e5da husen var i behov av renovering f\u00f6r att passa verksamheten och vi har sakta men s\u00e4kert renoverat en del i taget. Vi b\u00f6rjade med kurssalen, som blev f\u00e4rdig f\u00f6r tre \u00e5r sedan, och nu \u00e4r snart den sista delen klar; ett k\u00f6k f\u00f6r caf\u00e9et.<\/p>\n\n\n\n<p>Fr\u00e5n b\u00f6rjan hade Lisa inte t\u00e4nkt att Spirag\u00e5rden \u00c5re skulle erbjuda yogapass eftersom hon sj\u00e4lv inte \u00e4r yogainstrukt\u00f6r, men redan n\u00e4r kurssalen stod klar var efterfr\u00e5gan stor och m\u00e5nga var intresserade av att delta. Under dessa \u00e5r har det blivit m\u00e5nga olika aktiviteter som meditation, mindfulness, dans, retreater f\u00f6r inre utveckling och, s\u00e5 klart, mycket yoga. <\/p>\n\n\n\n<p>Mellan juli och september erbjuder Spirag\u00e5rden \u00c5re bokning av bland annat yoga, massage och fika f\u00f6r pilgrimsvandrare. Under juni 2021 vandrar Lisa den del av S:t Olavsleden som ligger p\u00e5 svenska sida.\u2028\u2013 F\u00f6r mig \u00e4r det b\u00e5de en inre och yttre resa och jag har l\u00e4ngtat efter att g\u00e5 in i mig sj\u00e4lv under en l\u00e4ngre tid. Jag tror att vi alla har intressen och passioner som leder oss genom livet, som g\u00f6r att vi hamnar p\u00e5 r\u00e4tt plats och tr\u00e4ffar r\u00e4tt personer. Vandring \u00e4r ett v\u00e4ldigt bra s\u00e4tt att k\u00e4nna in det, vara med sig sj\u00e4lv och se b\u00e5de sina b\u00e4ttre och s\u00e4mre sidor.<\/p>\n\n\n\n<p>Lisa ser fram emot att Spirag\u00e5rden \u00c5re ska forts\u00e4tta v\u00e4xa och vara en m\u00f6tesplats f\u00f6r alla som vill l\u00e4ra sig mer om inre och yttre v\u00e4lm\u00e5ende.<\/p>\n\n\n\n<p>Mer information och bokning <a href=\"https:\/\/url11.mailanyone.net\/v1\/?m=1nD8pG-00042P-51&amp;i=57e1b682&amp;c=xlLdzbOXsHu0lDJVXiq49Z5EPBfTvCeyg6ZmevgRRlP0hanCYd6f9Vwf5vhu2iGpHX8UnKeB_vfwVMJIZYnwqwH_7Sy3-EmCzcPofMOhcZd0_RWrQ3ysJg0jTu0f4vPdYCGf67-GfXs97SxSEXhRQ3-zKBKpI_gWWCyLfPIN7Vi15w_qZcAhTQrfcvo29IJYFx1-Etm54Uj5TN06mjO-m2h4eXWWsBO3SulrX79fdFs\" target=\"_blank\" rel=\"noopener\">https:\/\/spira.bokamera.se<\/a>, <a href=\"mailto:info@spriragardenare.se\">info@spriragardenare.se<\/a>, tel. <a href=\"tel:+46706426585\">070-642 65 85<\/a>. F\u00f6rboka n\u00e5gra dagar i f\u00f6rv\u00e4g.<\/p>\n\n\n\n<figure class=\"wp-block-gallery columns-2 is-cropped wp-block-gallery-1 is-layout-flex wp-block-gallery-is-layout-flex\"><ul class=\"blocks-gallery-grid\"><li class=\"blocks-gallery-item\"><figure><img fetchpriority=\"high\" decoding=\"async\" width=\"683\" height=\"1024\" src=\"https:\/\/stolavsleden.com\/wp-content\/uploads\/2021\/05\/Lisa-andersson-spiragarden-683x1024.jpg\" alt=\"Lisa Andersson, Spirag\u00e5rden\" data-id=\"6206\" data-full-url=\"https:\/\/stolavsleden.com\/wp-content\/uploads\/2021\/05\/Lisa-andersson-spiragarden.jpg\" data-link=\"https:\/\/stolavsleden.com\/the-meeting-place-for-inner-and-outer-well-being\/lisa-andersson-spiragarden\/\" class=\"wp-image-6207\" srcset=\"https:\/\/stolavsleden.com\/wp-content\/uploads\/2021\/05\/Lisa-andersson-spiragarden-683x1024.jpg 683w, https:\/\/stolavsleden.com\/wp-content\/uploads\/2021\/05\/Lisa-andersson-spiragarden-768x1152.jpg 768w, https:\/\/stolavsleden.com\/wp-content\/uploads\/2021\/05\/Lisa-andersson-spiragarden.jpg 1024w\" sizes=\"(max-width: 683px) 100vw, 683px\" \/><\/figure><\/li><li class=\"blocks-gallery-item\"><figure><img decoding=\"async\" width=\"683\" height=\"1024\" src=\"https:\/\/stolavsleden.com\/wp-content\/uploads\/2021\/05\/carpet-spiragarden-683x1024.jpg\" alt=\"Yogamatta, Spirag\u00e5rden\" data-id=\"6208\" data-full-url=\"https:\/\/stolavsleden.com\/wp-content\/uploads\/2021\/05\/carpet-spiragarden.jpg\" data-link=\"https:\/\/stolavsleden.com\/the-meeting-place-for-inner-and-outer-well-being\/carpet-spiragarden\/\" class=\"wp-image-6209\" srcset=\"https:\/\/stolavsleden.com\/wp-content\/uploads\/2021\/05\/carpet-spiragarden-683x1024.jpg 683w, https:\/\/stolavsleden.com\/wp-content\/uploads\/2021\/05\/carpet-spiragarden-768x1152.jpg 768w, https:\/\/stolavsleden.com\/wp-content\/uploads\/2021\/05\/carpet-spiragarden.jpg 1024w\" sizes=\"(max-width: 683px) 100vw, 683px\" \/><\/figure><\/li><\/ul><\/figure>\n","protected":false},"excerpt":{"rendered":"<p>2007 l\u00e4mnade Lisa Andersson Tangen Stockholm och flyttade till J\u00e4mtland. Lisa hade just skolat om till mass\u00f6r och kroppsterapeut och planen var att bo i S\u00e5\u00e5, mellan \u00c5re och Unders\u00e5ker, i ett \u00e5rs tid. Tretton \u00e5r senare \u00e4r hon en v\u00e4letablerad f\u00f6retagare som driver Spirag\u00e5rden \u00c5re. \u2028\u2013 N\u00e4r jag och min nuvarande man skulle flytta [&hellip;]<\/p>\n","protected":false},"author":12,"featured_media":6200,"comment_status":"open","ping_status":"open","sticky":false,"template":"","format":"standard","meta":{"_acf_changed":false,"footnotes":""},"categories":[53,54,47],"tags":[],"class_list":["post-6203","post","type-post","status-publish","format-standard","has-post-thumbnail","hentry","category-cykling-sv","category-ridning-sv","category-hiking-sv"],"acf":[],"_links":{"self":[{"href":"https:\/\/stolavsleden.com\/sv\/wp-json\/wp\/v2\/posts\/6203","targetHints":{"allow":["GET"]}}],"collection":[{"href":"https:\/\/stolavsleden.com\/sv\/wp-json\/wp\/v2\/posts"}],"about":[{"href":"https:\/\/stolavsleden.com\/sv\/wp-json\/wp\/v2\/types\/post"}],"author":[{"embeddable":true,"href":"https:\/\/stolavsleden.com\/sv\/wp-json\/wp\/v2\/users\/12"}],"replies":[{"embeddable":true,"href":"https:\/\/stolavsleden.com\/sv\/wp-json\/wp\/v2\/comments?post=6203"}],"version-history":[{"count":3,"href":"https:\/\/stolavsleden.com\/sv\/wp-json\/wp\/v2\/posts\/6203\/revisions"}],"predecessor-version":[{"id":7055,"href":"https:\/\/stolavsleden.com\/sv\/wp-json\/wp\/v2\/posts\/6203\/revisions\/7055"}],"wp:featuredmedia":[{"embeddable":true,"href":"https:\/\/stolavsleden.com\/sv\/wp-json\/wp\/v2\/media\/6200"}],"wp:attachment":[{"href":"https:\/\/stolavsleden.com\/sv\/wp-json\/wp\/v2\/media?parent=6203"}],"wp:term":[{"taxonomy":"category","embeddable":true,"href":"https:\/\/stolavsleden.com\/sv\/wp-json\/wp\/v2\/categories?post=6203"},{"taxonomy":"post_tag","embeddable":true,"href":"https:\/\/stolavsleden.com\/sv\/wp-json\/wp\/v2\/tags?post=6203"}],"curies":[{"name":"wp","href":"https:\/\/api.w.org\/{rel}","templated":true}]}}