{"id":5213,"date":"2021-02-16T14:21:41","date_gmt":"2021-02-16T13:21:41","guid":{"rendered":"https:\/\/stolavsleden.com\/?p=5213"},"modified":"2021-02-16T14:26:21","modified_gmt":"2021-02-16T13:26:21","slug":"trampa-till-trondheim-upplev-st-olavsleden-fran-cykelsadeln","status":"publish","type":"post","link":"https:\/\/stolavsleden.com\/sv\/trampa-till-trondheim-upplev-st-olavsleden-fran-cykelsadeln\/","title":{"rendered":"Trampa till Trondheim \u2013 upplev S:t Olavsleden fr\u00e5n cykelsadeln"},"content":{"rendered":"<p>TEXT: Jennie Zetterqvist<br \/>\nFOTO: Kristofer L\u00f6nn\u00e5<\/p>\n<p>F\u00f6rst omfamnande skogar och fridfulla fj\u00e4ll. Sedan backar som str\u00e4var \u00e4nda upp i himlen \u2013 och bjuder p\u00e5 ett hisnande rull utf\u00f6r igen. Cykelv\u00e4gen l\u00e4ngs S:t Olavsleden str\u00e4cker sig lite annorlunda \u00e4n vandrarnas v\u00e4g, men skyltningen kommer att visa dig r\u00e4tt, f\u00f6rs\u00e4krar Tommy Nordvall.<\/p>\n<p>Han bor p\u00e5 Gissel\u00e5sen, cirka en mil efter S:t Olavsledens startpunkt i Sel\u00e5nger, och har tillsammans med sin fru Sigrid v\u00e4lkomnat m\u00e5nga f\u00f6rbipasserande pilgrimer till sitt hem de senaste \u00e5ren. En f\u00f6rsta vandrare fr\u00e5n Nederl\u00e4nderna stannade till \u00e5r 2013, n\u00e4r str\u00e4ckan precis rustats upp och nyinvigts. Sedan blev vandrarna snabbt fler \u2013 vilket v\u00e4ckte Tommys nyfikenhet p\u00e5 upplevelsen.<br \/>\n\u2013 \u00c5r 2015 fick jag helt enkelt f\u00f6r mig att jag skulle cykla leden sj\u00e4lv, ber\u00e4ttar han.<\/p>\n<p>Som van motion\u00e4r planerade Tommy l\u00e5nga dagsetapper och var redo med t\u00e4lt, sovs\u00e4ck och gasolk\u00f6k. Men redan under f\u00f6rsta resan uppt\u00e4ckte han bekv\u00e4ma och trevliga \u00f6vernattningsm\u00f6jligheter l\u00e4ngs leden. T\u00e4ltet blev aldrig anv\u00e4nt.<br \/>\n\u2013 De f\u00f6ljande fem \u00e5ren har jag l\u00e4mnat t\u00e4ltet hemma och f\u00f6rbokat boenden i st\u00e4llet. Det \u00e4r v\u00e4ldigt smidigt att minimera packningen och f\u00e5 sova riktigt sk\u00f6nt, s\u00e4ger han.<\/p>\n<p>Tommy \u00e4r skid\u00e5kare i grunden och har \u00e4ven sprungit en hel del. Men den enda l\u00e5ngcykling som verkligen lockat honom \u00e4r den l\u00e4ngs S:t Olavsleden. De tre f\u00f6rsta milen brukar bjuda lite motst\u00e5nd men sedan \u201drullar det bara p\u00e5\u201d, enligt Tommy.<br \/>\n\u2013 Jag har aldrig k\u00f6rt V\u00e4tternrundan eller n\u00e5got liknande, men den h\u00e4r cyklingen \u00e4r s\u00e5 fin! Jag tr\u00e4ffar en massa trevliga m\u00e4nniskor och kommer i kapp vandrare som stannat och fikat hemma hos oss. Om en str\u00e4cka blir riktigt tung s\u00e5 sjunger jag \u2013 fast jag inte kan, skrattar han.<\/p>\n<p>Favoritdelen av resan startar vid Skalstugan i J\u00e4mtland och g\u00e5r l\u00e4ngs Karls Johans v\u00e4g \u00f6ver norska gr\u00e4nsen, d\u00e4r landskapet sedan f\u00f6r\u00e4ndras ganska dramatiskt.<br \/>\n\u2013 I Sverige \u00e4r det relativt l\u00e4ttcyklat hela v\u00e4gen men i Norge blir det annorlunda. D\u00e4r kommer det backar d\u00e4r man f\u00e5r trampa och trampa tills det k\u00e4nns som att man kommit upp bland molnen. Och n\u00e4r man tror att man \u00e4ntligen \u00e4r uppe, d\u00e5 viker v\u00e4gen av och forts\u00e4tter upp\u00e5t lite till. Men sen blir det rej\u00e4lt nerf\u00f6r!<\/p>\n<p>Cyklingen passar \u00e4nd\u00e5 alla, menar han. Allt beror p\u00e5 hur man planerar sina str\u00e4ckor. \u00c5r 2020 fick han s\u00e4llskap av sitt 14-\u00e5riga barnbarn, som bem\u00e4strade utmaningen galant.<br \/>\n\u2013 Han riktigt bl\u00e5ste i v\u00e4g i backarna och f\u00f6rsvann! Men s\u00e5 var han sn\u00e4ll och kom tillbaka och m\u00f6tte mig igen. Vi tog oss till \u00c5re och planerar att forts\u00e4tta n\u00e4sta s\u00e4song 2021, n\u00e4r gr\u00e4nsen till Norge f\u00f6rhoppningsvis \u00e4r \u00f6ppen igen. D\u00e5 startar vi i \u00c5re och cyklar till Trondheim.<\/p>\n<p>Ankomsten till Trondheim \u00e4r speciell f\u00f6r Tommy, eftersom s\u00e5 m\u00e5nga pilgrimer k\u00e4nner igen honom och vill \u00e5terg\u00e4lda g\u00e4stfriheten som de upplevt i Gissel\u00e5sen. T\u00e5get tar honom sedan tillbaka hem, d\u00e4r fotoalbumen och minnesbanken v\u00e4ntar p\u00e5 att fyllas med fler intressanta livs\u00f6den.<\/p>\n","protected":false},"excerpt":{"rendered":"<p>TEXT: Jennie Zetterqvist FOTO: Kristofer L\u00f6nn\u00e5 F\u00f6rst omfamnande skogar och fridfulla fj\u00e4ll. Sedan backar som str\u00e4var \u00e4nda upp i himlen \u2013 och bjuder p\u00e5 ett hisnande rull utf\u00f6r igen. Cykelv\u00e4gen l\u00e4ngs S:t Olavsleden str\u00e4cker sig lite annorlunda \u00e4n vandrarnas v\u00e4g, men skyltningen kommer att visa dig r\u00e4tt, f\u00f6rs\u00e4krar Tommy Nordvall. Han bor p\u00e5 Gissel\u00e5sen, cirka [&hellip;]<\/p>\n","protected":false},"author":4,"featured_media":5214,"comment_status":"open","ping_status":"open","sticky":false,"template":"","format":"standard","meta":{"_acf_changed":false,"footnotes":""},"categories":[53,53],"tags":[],"class_list":["post-5213","post","type-post","status-publish","format-standard","has-post-thumbnail","hentry","category-cykling-sv"],"acf":[],"_links":{"self":[{"href":"https:\/\/stolavsleden.com\/sv\/wp-json\/wp\/v2\/posts\/5213","targetHints":{"allow":["GET"]}}],"collection":[{"href":"https:\/\/stolavsleden.com\/sv\/wp-json\/wp\/v2\/posts"}],"about":[{"href":"https:\/\/stolavsleden.com\/sv\/wp-json\/wp\/v2\/types\/post"}],"author":[{"embeddable":true,"href":"https:\/\/stolavsleden.com\/sv\/wp-json\/wp\/v2\/users\/4"}],"replies":[{"embeddable":true,"href":"https:\/\/stolavsleden.com\/sv\/wp-json\/wp\/v2\/comments?post=5213"}],"version-history":[{"count":3,"href":"https:\/\/stolavsleden.com\/sv\/wp-json\/wp\/v2\/posts\/5213\/revisions"}],"predecessor-version":[{"id":5247,"href":"https:\/\/stolavsleden.com\/sv\/wp-json\/wp\/v2\/posts\/5213\/revisions\/5247"}],"wp:featuredmedia":[{"embeddable":true,"href":"https:\/\/stolavsleden.com\/sv\/wp-json\/wp\/v2\/media\/5214"}],"wp:attachment":[{"href":"https:\/\/stolavsleden.com\/sv\/wp-json\/wp\/v2\/media?parent=5213"}],"wp:term":[{"taxonomy":"category","embeddable":true,"href":"https:\/\/stolavsleden.com\/sv\/wp-json\/wp\/v2\/categories?post=5213"},{"taxonomy":"post_tag","embeddable":true,"href":"https:\/\/stolavsleden.com\/sv\/wp-json\/wp\/v2\/tags?post=5213"}],"curies":[{"name":"wp","href":"https:\/\/api.w.org\/{rel}","templated":true}]}}