{"id":4942,"date":"2020-10-07T14:23:34","date_gmt":"2020-10-07T12:23:34","guid":{"rendered":"https:\/\/stolavsleden.com\/?p=4942"},"modified":"2020-10-07T14:23:36","modified_gmt":"2020-10-07T12:23:36","slug":"anita-hostvandrar-langs-st-olavsleden","status":"publish","type":"post","link":"https:\/\/stolavsleden.com\/sv\/anita-hostvandrar-langs-st-olavsleden\/","title":{"rendered":"Anita h\u00f6stvandrar l\u00e4ngs S:t Olavsleden"},"content":{"rendered":"\n<p>Anita Andersson \u00e4r en van vandrare, med m\u00e5nga turer b\u00e5de i fj\u00e4llmilj\u00f6 och l\u00e4ngs pilgrimsleder i benen. \u00c5rets vandring var sedan l\u00e4nge best\u00e4md att bli ytterligare en tur till Camino de Santiago i Spanien, men coronapandemin satte stopp f\u00f6r planerna och resan gick ist\u00e4llet norrut. N\u00e4rmare best\u00e4mt till Sel\u00e5nger, och starten av S:t Olavsleden.<\/p>\n\n\n\n<p>\u2013 Jag ville verkligen f\u00e5 till en tur, trots pandemin, och fick d\u00e5 tips om S:t Olavsleden av Hali Liddell (en av S:t Olavsledens ambassad\u00f6rer). Jag som gillar att komma i m\u00e5l t\u00e4nkte f\u00f6rst att jag skulle b\u00f6rja fr\u00e5n mitten f\u00f6r att hinna till Nidarosdomen, men Hali tyckte best\u00e4mt att jag skulle b\u00f6rja fr\u00e5n b\u00f6rjan s\u00e5 d\u00e5 fick v\u00e4gen bli viktigare \u00e4n m\u00e5let den h\u00e4r g\u00e5ngen, s\u00e4ger Anita Andersson.<\/p>\n\n\n\n<p>N\u00e5got som visade sig vara smart, d\u00e5 gr\u00e4nsen mellan Sverige och Norge inte hann \u00f6ppnas under hennes vandring.<\/p>\n\n\n\n<h3 class=\"wp-block-heading\">Minnesv\u00e4rda m\u00f6ten<\/h3>\n\n\n\n<p>N\u00e4r vi m\u00f6ts har hon varit ute i en dryg vecka, och hunnit med b\u00e5de med- och motg\u00e5ngar.<\/p>\n\n\n\n<p>\u2013 Det \u00e4r utmaningarna som g\u00f6r att som g\u00f6r att man v\u00e4xer. Leden \u00e4r fantastisk och s\u00e5 snart jag k\u00e4nt mig deppig s\u00e5 har det h\u00e4nt n\u00e5got som v\u00e4nt det hela. Tommy i Gissel\u00e5sen \u00e4r exempel p\u00e5 en av de eldsj\u00e4lar som verkligen ger ny energi, och det finns flera s\u00e5dana stopp l\u00e4ngs v\u00e4gen, s\u00e4ger Anita Andersson.<\/p>\n\n\n\n<figure class=\"wp-block-image size-large\"><img fetchpriority=\"high\" decoding=\"async\" width=\"1024\" height=\"427\" src=\"https:\/\/stolavsleden.com\/wp-content\/uploads\/2020\/10\/Pilgrimstories_Anita_webbheader-4-1024x427.jpg\" alt=\"Pilgrim in Brunflo\" class=\"wp-image-4946\" srcset=\"https:\/\/stolavsleden.com\/wp-content\/uploads\/2020\/10\/Pilgrimstories_Anita_webbheader-4-1024x427.jpg 1024w, https:\/\/stolavsleden.com\/wp-content\/uploads\/2020\/10\/Pilgrimstories_Anita_webbheader-4-768x320.jpg 768w, https:\/\/stolavsleden.com\/wp-content\/uploads\/2020\/10\/Pilgrimstories_Anita_webbheader-4-1536x640.jpg 1536w, https:\/\/stolavsleden.com\/wp-content\/uploads\/2020\/10\/Pilgrimstories_Anita_webbheader-4.jpg 1920w\" sizes=\"(max-width: 1024px) 100vw, 1024px\" \/><\/figure>\n\n\n\n<p>\u00c4ven om vandringen bjudit p\u00e5 flera fina m\u00f6ten, \u00e4r det dock ensamheten som varit jobbigast. Andra pilgrimer har lyst med sin fr\u00e5nvaro och med det n\u00e5got kyligare h\u00f6stv\u00e4dret har det \u00e4ven varit tunt med privatpersoner l\u00e4ngs med leden.<\/p>\n\n\n\n<p>\u2013 Vill du uppleva fantastisk natur och behaglig temperatur s\u00e5 \u00e4r h\u00f6sten en perfekt \u00e5rstid, men vill du ha s\u00e4llskap s\u00e5 \u00e4r det n\u00e5got sent. Jag kan sakna att sitta p\u00e5 kv\u00e4llen och utbyta erfarenheter med andra vandrare, s\u00e4ger Anita Andersson.<\/p>\n\n\n\n<p>Genom sin blogg, <a href=\"https:\/\/keepwalkingstaycurious.se\/blogg\/\" target=\"_blank\" rel=\"noreferrer noopener\">www.keepwalkingstaycurious.se<\/a>, har hon dock flera som dagligen f\u00f6ljt hennes vandring digitalt och gett respons som motiverat och peppat henne att forts\u00e4tta.<\/p>\n\n\n\n<h3 class=\"wp-block-heading\">Vandrar utan prestige<\/h3>\n\n\n\n<p>En skillnad fr\u00e5n tidigare vandringar \u00e4r att hon denna g\u00e5ng inte varit lika noga med att varje meter ska vandrats, utan blandat vandring med t\u00e5g. Ett s\u00e4tt att kunna undvika den ensliga str\u00e4ckan \u00f6ver l\u00e4nsgr\u00e4nsen och \u00e4ven andra delar d\u00e4r det varit sv\u00e5rt att hitta boende under l\u00e5gs\u00e4song.<\/p>\n\n\n\n<p>\u2013 Det \u00e4r bara dumt att ha prestige och t\u00e4nka \u2019jag m\u00e5ste vandra och f\u00e5r inte ta t\u00e5get\u2019. Det \u00e4r b\u00e4ttre att kunna anpassa turen efter dagsf\u00f6ruts\u00e4ttningarna, det g\u00e5r ju att komma tillbaka senare och g\u00e5 det som missats, s\u00e4ger Anita Andersson som valt att inte planera turen alltf\u00f6r noga utan l\u00e5ta det ordna sig allt eftersom.<\/p>\n\n\n\n<p>Denna g\u00e5ng tog vandringen slut i Duved och Sveriges st\u00f6rsta vattenfall, T\u00e4nnforsen, men Anita har redan planer p\u00e5 att komma tillbaka f\u00f6r att fullf\u00f6lja den sista biten till Trondheim.<\/p>\n\n\n\n<p>\u2013 N\u00e4sta g\u00e5ng kommer jag nog v\u00e4lja att vandra p\u00e5 v\u00e5ren eller tidigare under h\u00f6sten, s\u00e4ger Anita Andersson.<\/p>\n\n\n\n<h4 class=\"wp-block-heading\">Anita tipsar:<\/h4>\n\n\n\n<ul class=\"wp-block-list\"><li>Bo p\u00e5 s\u00e5 personliga och sm\u00e5 boenden som m\u00f6jligt, det blir trevligast d\u00e5. Min favorit l\u00e4ngs turen var G\u00e5lvikens Pilgrimsboende strax innan St\u00f6de.<\/li><li>Planera inte f\u00f6r mycket. Of\u00f6rutsedda saker h\u00e4nder och \u00e4r en del av tjusningen.\u00a0<\/li><li>Ha inte prestige kring att varje meter ska vandras utan anpassa turen efter dagsform och f\u00f6ruts\u00e4ttningar.<\/li><\/ul>\n\n\n\n<p>L\u00e4s mer om Anitas vandring l\u00e4ngs S:t Olavsleden p\u00e5 <a href=\"https:\/\/keepwalkingstaycurious.se\/blogg\/\" target=\"_blank\" rel=\"noreferrer noopener\">hennes blogg.<\/a><\/p>\n","protected":false},"excerpt":{"rendered":"<p>Anita Andersson \u00e4r en van vandrare, med m\u00e5nga turer b\u00e5de i fj\u00e4llmilj\u00f6 och l\u00e4ngs pilgrimsleder i benen. \u00c5rets vandring var sedan l\u00e4nge best\u00e4md att bli ytterligare en tur till Camino de Santiago i Spanien, men coronapandemin satte stopp f\u00f6r planerna och resan gick ist\u00e4llet norrut. N\u00e4rmare best\u00e4mt till Sel\u00e5nger, och starten av S:t Olavsleden. \u2013 [&hellip;]<\/p>\n","protected":false},"author":4,"featured_media":4950,"comment_status":"open","ping_status":"open","sticky":false,"template":"","format":"standard","meta":{"_acf_changed":false,"footnotes":""},"categories":[47],"tags":[],"class_list":["post-4942","post","type-post","status-publish","format-standard","has-post-thumbnail","hentry","category-hiking-sv"],"acf":[],"_links":{"self":[{"href":"https:\/\/stolavsleden.com\/sv\/wp-json\/wp\/v2\/posts\/4942","targetHints":{"allow":["GET"]}}],"collection":[{"href":"https:\/\/stolavsleden.com\/sv\/wp-json\/wp\/v2\/posts"}],"about":[{"href":"https:\/\/stolavsleden.com\/sv\/wp-json\/wp\/v2\/types\/post"}],"author":[{"embeddable":true,"href":"https:\/\/stolavsleden.com\/sv\/wp-json\/wp\/v2\/users\/4"}],"replies":[{"embeddable":true,"href":"https:\/\/stolavsleden.com\/sv\/wp-json\/wp\/v2\/comments?post=4942"}],"version-history":[{"count":3,"href":"https:\/\/stolavsleden.com\/sv\/wp-json\/wp\/v2\/posts\/4942\/revisions"}],"predecessor-version":[{"id":4956,"href":"https:\/\/stolavsleden.com\/sv\/wp-json\/wp\/v2\/posts\/4942\/revisions\/4956"}],"wp:featuredmedia":[{"embeddable":true,"href":"https:\/\/stolavsleden.com\/sv\/wp-json\/wp\/v2\/media\/4950"}],"wp:attachment":[{"href":"https:\/\/stolavsleden.com\/sv\/wp-json\/wp\/v2\/media?parent=4942"}],"wp:term":[{"taxonomy":"category","embeddable":true,"href":"https:\/\/stolavsleden.com\/sv\/wp-json\/wp\/v2\/categories?post=4942"},{"taxonomy":"post_tag","embeddable":true,"href":"https:\/\/stolavsleden.com\/sv\/wp-json\/wp\/v2\/tags?post=4942"}],"curies":[{"name":"wp","href":"https:\/\/api.w.org\/{rel}","templated":true}]}}