{"id":4913,"date":"2020-10-05T07:41:26","date_gmt":"2020-10-05T05:41:26","guid":{"rendered":"https:\/\/stolavsleden.com\/?p=4913"},"modified":"2025-03-28T09:47:06","modified_gmt":"2025-03-28T08:47:06","slug":"historiens-vingslag-hors-i-skalstugan","status":"publish","type":"post","link":"https:\/\/stolavsleden.com\/sv\/historiens-vingslag-hors-i-skalstugan\/","title":{"rendered":"Historiens vingslag h\u00f6rs i Skalstugan"},"content":{"rendered":"\n<p>H\u00e4r fanns under den tiden ett g\u00e4stgiveri f\u00f6r att forb\u00f6nderna skulle f\u00e5 sig en bit mat l\u00e4ngs v\u00e4gen och man kan tro att aktiviteten d\u00e5 var ganska h\u00f6g. Mot slutet av 1800-talet k\u00f6ptes Skalstugan av engelsmannen Tom Nickalls via en norsk bulvan. Han l\u00e4t bygga Jaktvillan som allts\u00e5 \u00e4r fr\u00e5n 1800-talet. P\u00e5 somrarna var Tom Nickalls h\u00e4r f\u00f6r jakt och b\u00e4rplockning. Hit hade familjen med sig b\u00e5de egna tj\u00e4nare och egen orkester.<\/p>\n\n\n\n<p>Lockad av de fina jaktm\u00f6jligheterna k\u00f6ptes Skalstugan av familjen Wallenberg \u00e5r 1902. Under andra v\u00e4rldskriget rekvirerades anl\u00e4ggningen till milit\u00e4ren och under de \u00e5ren slets anl\u00e4ggningen rej\u00e4lt. 1945-47 renoverades den och Wallenberg sk\u00e4nkte sedan hela anl\u00e4ggningen till de anst\u00e4llda p\u00e5 SEB, den bank familjen \u00e4gde. Anl\u00e4ggningen lades i en stiftelse och det b\u00f6rjade bedrivas pensionatsr\u00f6relse. I f\u00f6rsta hand f\u00f6r anst\u00e4llda p\u00e5 SEB och i andra hand f\u00f6r \u00f6vriga g\u00e4ster.<\/p>\n\n\n\n<figure class=\"wp-block-image size-large\"><img fetchpriority=\"high\" decoding=\"async\" width=\"1000\" height=\"626\" src=\"https:\/\/stolavsleden.com\/wp-content\/uploads\/2020\/10\/stolavsleden_HW_2276.jpg\" alt=\"\" class=\"wp-image-4924\" srcset=\"https:\/\/stolavsleden.com\/wp-content\/uploads\/2020\/10\/stolavsleden_HW_2276.jpg 1000w, https:\/\/stolavsleden.com\/wp-content\/uploads\/2020\/10\/stolavsleden_HW_2276-768x481.jpg 768w\" sizes=\"(max-width: 1000px) 100vw, 1000px\" \/><\/figure>\n\n\n\n<p>Idag \u00e4r Lisa Lindblom platschef p\u00e5 Skalstugan. Hon ber\u00e4ttar att de sedan sommaren 2024 erbjuder ett s\u00e4rskilt pilgrimsboende nere vid stora v\u00e4gen. Det \u00e4r en egen l\u00e4genhet med tv\u00e5 sovrum och plats f\u00f6r totalt fyra personer. L\u00e4genheten \u00e4r utrustad f\u00f6r sj\u00e4lvhush\u00e5ll med k\u00f6k och vardagsrum. I en anslutande korridor finns toalett och dusch, tv\u00e4ttmaskin och torkm\u00f6jligheter.<br><br>&#8211; Det k\u00e4nns j\u00e4ttebra att kunna erbjuda pilgrimerna ett boende mer anpassat efter deras \u00f6nskem\u00e5l och behov. Pilgrimsboendet bokas minst tre dagar i f\u00f6rv\u00e4g.<\/p>\n\n\n\n<p>F\u00f6rutom pilgrimsboendet erbjuds helpensionsboende p\u00e5 Skalstugan. H\u00e4r f\u00e5r man en trer\u00e4ttersmiddag, en stor frukostbuff\u00e9 och m\u00f6jlighet att g\u00f6ra lunchpaket. Boendet \u00e4r ett hemtrevligt och genuint pensionatsrum med gamla tapeter. Det g\u00e5r tillbaka till 60-talet och alla s\u00e4ngar \u00e4r i golvniv\u00e5 med \u00f6verkast och filtar. H\u00e4r finns tv\u00e5, tre och femb\u00e4ddsrum. Dusch och toalett finns i korridoren.<\/p>\n\n\n\n<p>Hon ber\u00e4ttar att p\u00e5 grund av \u00e4garskapet \u00e4r det inte helt l\u00e4tt f\u00f6r pilgrimer att f\u00e5 plats, men det g\u00e5r och fyra veckor innan ankomst \u00e4r det m\u00f6jligt att boka.<\/p>\n\n\n\n<p>\u2013 Vi har m\u00e5nga som st\u00e4ller sig p\u00e5 k\u00f6lista och sommaren \u00e4r oftast fullbokad varje dag. Men sj\u00e4lvklart ska man h\u00f6ra av sig och fr\u00e5ga. Vi kan ha f\u00e5tt avbokningar som g\u00f6r att vi kan ta emot drop-in, s\u00e4ger Lisa.<\/p>\n\n\n\n<p>Lisa uppmuntrar g\u00e4ster att komma i tid eller stanna lite l\u00e4ngre dag tv\u00e5. <br>&#8211; H\u00e4r vill vi att man ska uppleva naturen och omgivningarna. Ta en l\u00e5ng dusch med bastu, l\u00e5na en cykel eller en b\u00e5t. Vi vill g\u00e4rna att man ser Skalstugan som en oas p\u00e5 v\u00e4gen.<\/p>\n","protected":false},"excerpt":{"rendered":"<p>H\u00e4r fanns under den tiden ett g\u00e4stgiveri f\u00f6r att forb\u00f6nderna skulle f\u00e5 sig en bit mat l\u00e4ngs v\u00e4gen och man kan tro att aktiviteten d\u00e5 var ganska h\u00f6g. Mot slutet av 1800-talet k\u00f6ptes Skalstugan av engelsmannen Tom Nickalls via en norsk bulvan. Han l\u00e4t bygga Jaktvillan som allts\u00e5 \u00e4r fr\u00e5n 1800-talet. P\u00e5 somrarna var Tom [&hellip;]<\/p>\n","protected":false},"author":4,"featured_media":4914,"comment_status":"open","ping_status":"open","sticky":false,"template":"","format":"standard","meta":{"_acf_changed":false,"footnotes":""},"categories":[51],"tags":[],"class_list":["post-4913","post","type-post","status-publish","format-standard","has-post-thumbnail","hentry","category-boende-sv"],"acf":[],"_links":{"self":[{"href":"https:\/\/stolavsleden.com\/sv\/wp-json\/wp\/v2\/posts\/4913","targetHints":{"allow":["GET"]}}],"collection":[{"href":"https:\/\/stolavsleden.com\/sv\/wp-json\/wp\/v2\/posts"}],"about":[{"href":"https:\/\/stolavsleden.com\/sv\/wp-json\/wp\/v2\/types\/post"}],"author":[{"embeddable":true,"href":"https:\/\/stolavsleden.com\/sv\/wp-json\/wp\/v2\/users\/4"}],"replies":[{"embeddable":true,"href":"https:\/\/stolavsleden.com\/sv\/wp-json\/wp\/v2\/comments?post=4913"}],"version-history":[{"count":2,"href":"https:\/\/stolavsleden.com\/sv\/wp-json\/wp\/v2\/posts\/4913\/revisions"}],"predecessor-version":[{"id":9302,"href":"https:\/\/stolavsleden.com\/sv\/wp-json\/wp\/v2\/posts\/4913\/revisions\/9302"}],"wp:featuredmedia":[{"embeddable":true,"href":"https:\/\/stolavsleden.com\/sv\/wp-json\/wp\/v2\/media\/4914"}],"wp:attachment":[{"href":"https:\/\/stolavsleden.com\/sv\/wp-json\/wp\/v2\/media?parent=4913"}],"wp:term":[{"taxonomy":"category","embeddable":true,"href":"https:\/\/stolavsleden.com\/sv\/wp-json\/wp\/v2\/categories?post=4913"},{"taxonomy":"post_tag","embeddable":true,"href":"https:\/\/stolavsleden.com\/sv\/wp-json\/wp\/v2\/tags?post=4913"}],"curies":[{"name":"wp","href":"https:\/\/api.w.org\/{rel}","templated":true}]}}